{"id":675,"date":"2025-01-06T14:37:54","date_gmt":"2025-01-06T13:37:54","guid":{"rendered":"https:\/\/faconmedical.fr\/blog\/?p=675"},"modified":"2025-08-13T16:57:55","modified_gmt":"2025-08-13T14:57:55","slug":"perte-d-autonomie","status":"publish","type":"post","link":"https:\/\/faconmedical.fr\/blog\/perte-d-autonomie\/","title":{"rendered":"Qu\u2019est-ce que la perte d\u2019autonomie ?"},"content":{"rendered":"\n<section id=\"block_0866aab6861a69f5a05fb89f3ad57b17\" class=\"block-text block-ba position-relative overflow-hidden mt-5 mb-0\">\n  <div class=\"container \">\n              <div class=\"row\">\n        <div class=\"col-12\">\n          <div class=\"content nerf-last-p\">\n            <p>La <strong>perte d&rsquo;autonomie<\/strong> est un ph\u00e9nom\u00e8ne qui touche de nombreuses personnes, qu&rsquo;il s&rsquo;agisse de situations temporaires ou de probl\u00e8mes chroniques. Elle se manifeste par une incapacit\u00e9 progressive \u00e0 accomplir certaines t\u00e2ches de la vie quotidienne sans aide, comme se d\u00e9placer, s&rsquo;habiller ou se nourrir. Cette condition peut survenir \u00e0 tout \u00e2ge, souvent en raison du vieillissement, de maladies ou de handicaps.<\/p>\n<p>Pour les aidants comme pour les personnes concern\u00e9es, il est essentiel de comprendre les enjeux de cette \u00e9volution pour mieux y faire face. Le recours \u00e0 des \u00e9quipements sp\u00e9cialis\u00e9s, comme le <a href=\"\/aide-au-deplacement-c287\">mat\u00e9riel pour handicap\u00e9<\/a>, peut grandement faciliter l&rsquo;autonomie et am\u00e9liorer la qualit\u00e9 de vie. Si vous \u00eates dans cette situation, ou si vous accompagnez un proche, il est important de savoir quelles solutions existent pour vous aider \u00e0 g\u00e9rer la <strong>perte d&rsquo;autonomie<\/strong>.<\/p>\n          <\/div>\n        <\/div>\n      <\/div>\n          <\/div>\n<\/section>\n\n\n<section class=\"block-ba block-duo mt-5 mb-0 boxed pt-0 pb-0\">\n  <div class=\"container\">\n    <div class=\"row\">\n              <div class=\"col-12 col-lg-6 col-img px-0 pl-lg-0 pr-lg-2\">\n          <div class=\"picture-wrapper h-100 w-100\">\n            <img decoding=\"async\" class=\"pic bcover h-100 w-100\" src=\"https:\/\/faconmedical.fr\/blog\/wp-content\/uploads\/2025\/01\/perte-dautonomie-definition.jpg\">\n          <\/div>\n        <\/div>\n            <div class=\"col-12 col-lg-6 col-content d-flex my-auto px-0 pl-lg-4\">\n        <div class=\"d-flex flex-column inner-content\">\n                    <h2 class=\"title\">Perte d&rsquo;autonomie : d\u00e9finition<\/h2>\n                          <div class=\"content nerf-last-p\">\n              <p>La <strong>perte d&rsquo;autonomie<\/strong> d\u00e9finit l&rsquo;incapacit\u00e9 partielle ou totale d&rsquo;une personne \u00e0 r\u00e9aliser seule les activit\u00e9s essentielles de la vie quotidienne. Cela peut inclure des t\u00e2ches simples comme se laver, s&rsquo;habiller, pr\u00e9parer ses repas ou se d\u00e9placer. Cette situation survient g\u00e9n\u00e9ralement \u00e0 la suite d&rsquo;un vieillissement, d&rsquo;une maladie, d&rsquo;un handicap ou encore d&rsquo;un accident.<\/p>\n<p>Un <strong>exemple courant de perte d&rsquo;autonomie<\/strong> est celui d&rsquo;une personne \u00e2g\u00e9e qui ne peut plus monter les escaliers sans assistance ou qui a besoin d&rsquo;un d\u00e9ambulateur pour se d\u00e9placer. Une autre illustration pourrait \u00eatre celle d&rsquo;un individu ayant subi un AVC et n\u00e9cessitant un fauteuil roulant pour ses d\u00e9placements.<\/p>\n<p>Ces situations n\u00e9cessitent souvent un accompagnement humain ou le recours \u00e0 du mat\u00e9riel adapt\u00e9 pour pr\u00e9server un maximum d&rsquo;ind\u00e9pendance.<\/p>\n            <\/div>\n                            <\/div>\n      <\/div>\n    <\/div>\n  <\/div>\n<\/section>\n\n\n<section class=\"block-ba block-duo alt mt-5 mb-0 boxed pt-0 pb-0\">\n  <div class=\"container\">\n    <div class=\"row\">\n              <div class=\"col-12 col-lg-6 col-img px-0 pl-lg-0 pr-lg-2\">\n          <div class=\"picture-wrapper h-100 w-100\">\n            <img decoding=\"async\" class=\"pic bcover h-100 w-100\" src=\"https:\/\/faconmedical.fr\/blog\/wp-content\/uploads\/2025\/01\/population-touchee-par-la-perte-dautonomie.jpg\">\n          <\/div>\n        <\/div>\n            <div class=\"col-12 col-lg-6 col-content d-flex my-auto px-0 pr-lg-4\" style=\"order:-1;\">\n        <div class=\"d-flex flex-column inner-content\">\n                    <h2 class=\"title\">Qui est touch\u00e9 par la perte d&rsquo;autonomie ?<\/h2>\n                          <div class=\"content nerf-last-p\">\n              <p>En France, la <strong>perte d&rsquo;autonomie<\/strong> concerne principalement les personnes \u00e2g\u00e9es. Selon l&rsquo;Insee, en 2021, 7 % des personnes de 60 ans ou plus vivant \u00e0 domicile sont en perte d&rsquo;autonomie, soit environ 1,27 million de personnes.<\/p>\n<p><strong>R\u00e9partition par \u00e2ge :<\/strong><\/p>\n<ul>\n<li>60-74 ans : 3% sont en\u00a0<strong>perte d&rsquo;autonomie<\/strong><\/li>\n<li>75-84 ans : 9% sont concern\u00e9s<\/li>\n<li>85 ans et plus : 30% sont touch\u00e9<\/li>\n<\/ul>\n            <\/div>\n                            <\/div>\n      <\/div>\n    <\/div>\n  <\/div>\n<\/section>\n\n\n\n<p class=\"has-text-align-right\">Image provenant de l<a href=\"https:\/\/www.insee.fr\/fr\/statistiques\/7716002\">\u2019\u00e9tude de l\u2019INSEE<\/a><\/p>\n\n\n\n<section id=\"block_8412d2c77ee5c2ddcd05da7337af24aa\" class=\"block-text block-ba position-relative overflow-hidden mt-5 mb-0\">\n  <div class=\"container \">\n              <div class=\"row\">\n        <div class=\"col-12\">\n          <div class=\"content nerf-last-p\">\n            <p>&nbsp;<\/p>\n<p>Avec le vieillissement de la population, on estime qu&rsquo;en 2040, la France comptera 22,2 millions de personnes de 60 ans ou plus, contre 18,1 millions en 2021, ce qui pourrait entra\u00eener une augmentation du nombre de personnes en situation de\u00a0<strong>perte d&rsquo;autonomie.<\/strong><\/p>\n<p>Les femmes sont particuli\u00e8rement touch\u00e9es, repr\u00e9sentant une majorit\u00e9 des personnes d\u00e9pendantes, en raison de leur esp\u00e9rance de vie plus longue. En effet, elles constituent 57 % des seniors de 65 ans ou plus, proportion qui augmente avec l&rsquo;\u00e2ge. (<a href=\"https:\/\/www.insee.fr\/fr\/statistiques\/3563083\">\u00e9tude de l\u2019INSEE<\/a>)<\/p>\n<p>Voici selon l\u2019\u00e2ge, la r\u00e9partition des personnes en perte d\u2019autonomie\u00a0:<\/p>\n<ul>\n<li>75-84 ans : 10% des femmes contre 8% des hommes<\/li>\n<li>85 ans et plus : 33% des femmes contre 23% des hommes<\/li>\n<\/ul>\n<p>Toutefois, la <strong>perte d&rsquo;autonomie<\/strong> ne se limite pas aux seniors. Elle peut \u00e9galement concerner des adultes plus jeunes, victimes d&rsquo;accidents, de maladies chroniques ou de handicaps, bien que ces cas soient moins fr\u00e9quents.<\/p>\n          <\/div>\n        <\/div>\n      <\/div>\n          <\/div>\n<\/section>\n\n\n\n<section id=\"block_92dc7ea842c3e8b879e8539b5257b10a\" class=\"block-text block-ba position-relative overflow-hidden mt-5 mb-0\">\n  <div class=\"container \">\n          <div class=\"row\">\n        <div class=\"col-12\">\n                  <h2 class=\"title\">Quels sont les facteurs et les causes de la perte d&rsquo;autonomie ?<\/h2>\n            <\/div>\n      <\/div>\n              <div class=\"row\">\n        <div class=\"col-12\">\n          <div class=\"content nerf-last-p\">\n            <p>La <strong>perte d&rsquo;autonomie est caus\u00e9e<\/strong> par une combinaison de facteurs li\u00e9s \u00e0 l&rsquo;\u00e2ge, \u00e0 l&rsquo;\u00e9tat de sant\u00e9, ou \u00e0 des situations de vie. Parmi les principales <strong>causes de la perte d\u2019autonomie,<\/strong> on retrouve les maladies chroniques, les handicaps physiques ou mentaux, et des conditions de vie telles que la solitude ou la s\u00e9dentarit\u00e9. Ces \u00e9l\u00e9ments peuvent se cumuler et acc\u00e9l\u00e9rer la d\u00e9pendance, rendant n\u00e9cessaire une prise en charge adapt\u00e9e.<\/p>\n<h3>Les maladies chroniques<\/h3>\n<p>Les maladies chroniques, comme le diab\u00e8te, les maladies cardiovasculaires, ou encore l&rsquo;arthrose, sont <strong>une cause de perte d\u2019autonomie.<\/strong> Ces pathologies entra\u00eenent souvent des douleurs, une diminution de la mobilit\u00e9, et un affaiblissement g\u00e9n\u00e9ral qui complique les t\u00e2ches du quotidien. Par exemple, une personne souffrant de polyarthrite rhumato\u00efde peut avoir du mal \u00e0 s&rsquo;habiller ou \u00e0 cuisiner en raison de douleurs articulaires invalidantes.<\/p>\n<h3>Le handicap<\/h3>\n<p>Le handicap, qu&rsquo;il soit physique, sensoriel ou mental, est une cause de <strong>perte d&rsquo;autonomie <\/strong>fr\u00e9quente. Les personnes en situation de handicap peuvent rencontrer des difficult\u00e9s importantes dans la r\u00e9alisation des activit\u00e9s de base, comme se d\u00e9placer ou communiquer. Par exemple, une personne parapl\u00e9gique d\u00e9pendra d&rsquo;un fauteuil roulant et de l&rsquo;aide d&rsquo;un tiers pour assurer sa mobilit\u00e9. Les solutions comme le <strong>mat\u00e9riel pour handicap\u00e9<\/strong> jouent ici un r\u00f4le crucial pour maintenir une certaine autonomie.<\/p>\n<h3>La solitude et la s\u00e9dentarit\u00e9<\/h3>\n<p>La solitude et la s\u00e9dentarit\u00e9 aggravent souvent la <strong>perte d\u2019autonomie.<\/strong> Les personnes isol\u00e9es socialement ont moins d&rsquo;interactions stimulantes, ce qui peut entra\u00eener une d\u00e9gradation cognitive et physique. De m\u00eame, un mode de vie s\u00e9dentaire favorise la perte musculaire et r\u00e9duit les capacit\u00e9s motrices, augmentant ainsi le risque de d\u00e9pendance. L&rsquo;absence d&rsquo;activit\u00e9s r\u00e9guli\u00e8res et d&rsquo;exercice physique contribue donc fortement \u00e0 la <strong>perte d&rsquo;autonomie<\/strong>, surtout chez les seniors.<\/p>\n<p>En comprenant ces facteurs, il est possible d&rsquo;agir en pr\u00e9vention pour limiter les effets de la <strong>perte d\u2019autonomie.<\/strong><\/p>\n<p>Si vous ou un proche pr\u00e9sentez ces <strong>sympt\u00f4mes de perte d\u2019autonomie,<\/strong> il est important de consulter un professionnel de sant\u00e9 pour \u00e9valuer la situation.<\/p>\n          <\/div>\n        <\/div>\n      <\/div>\n          <\/div>\n<\/section>\n\n\n\n<section id=\"block_1a87352b43309c86d0ab2cc2967e9cf9\" class=\"block-text block-ba position-relative overflow-hidden mt-5 mb-0\">\n  <div class=\"container \">\n          <div class=\"row\">\n        <div class=\"col-12\">\n                  <h2 class=\"title\">Quels sont les sympt\u00f4mes de la perte d&rsquo;autonomie ?<\/h2>\n            <\/div>\n      <\/div>\n              <div class=\"row\">\n        <div class=\"col-12\">\n          <div class=\"content nerf-last-p\">\n            <p>Reconna\u00eetre les signes pr\u00e9curseurs<strong> de la<\/strong> <strong>perte d&rsquo;autonomie <\/strong>est essentiel pour agir rapidement et mettre en place des solutions adapt\u00e9es. Ces sympt\u00f4mes peuvent varier selon les individus, mais certains signaux doivent particuli\u00e8rement attirer l&rsquo;attention :<\/p>\n<ul>\n<li>une difficult\u00e9 croissante \u00e0 r\u00e9aliser des t\u00e2ches quotidiennes, comme se laver, s&rsquo;habiller ou pr\u00e9parer les repas.<\/li>\n<li>des pertes de m\u00e9moire ou une d\u00e9sorientation fr\u00e9quente, notamment chez les personnes \u00e2g\u00e9es.<\/li>\n<li>une diminution de la mobilit\u00e9, avec des chutes r\u00e9p\u00e9t\u00e9es ou des troubles de l&rsquo;\u00e9quilibre.<\/li>\n<li>une baisse d&rsquo;\u00e9nergie entra\u00eenant une diminution des interactions sociales.<\/li>\n<li>une incapacit\u00e9 \u00e0 g\u00e9rer ses finances ou \u00e0 maintenir son domicile en ordre.<\/li>\n<\/ul>\n<p>Si vous ou un proche pr\u00e9sentez ces <strong>sympt\u00f4mes de perte d\u2019autonomie,<\/strong> il est important de consulter un professionnel de sant\u00e9 pour \u00e9valuer la situation.<\/p>\n<h2>Quels sont les risques li\u00e9s \u00e0 la perte d\u2019autonomie ?<\/h2>\n<p>Les <strong>risques li\u00e9s \u00e0 la perte d&rsquo;autonomie<\/strong> sont nombreux et impactent \u00e0 la fois la personne concern\u00e9e et son entourage.<\/p>\n<ul>\n<li><strong>Isolement social<\/strong> : la d\u00e9pendance peut entra\u00eener un retrait des interactions sociales, aggravant le sentiment de solitude.<\/li>\n<li><strong>D\u00e9clin physique et cognitif<\/strong> : un manque d&rsquo;activit\u00e9 r\u00e9guli\u00e8re peut acc\u00e9l\u00e9rer la perte musculaire et cognitive.<\/li>\n<li><strong>Risques de blessures<\/strong> : les chutes et accidents domestiques sont plus fr\u00e9quents chez les personnes en perte d&rsquo;autonomie.<\/li>\n<li><strong>Charge mentale pour les aidants<\/strong> : les proches peuvent se retrouver submerg\u00e9s par les responsabilit\u00e9s li\u00e9es \u00e0 l&rsquo;accompagnement, ce qui impacte leur bien-\u00eatre.<\/li>\n<li><strong>Co\u00fbts financiers<\/strong> : la n\u00e9cessit\u00e9 d&rsquo;am\u00e9nagements sp\u00e9cifiques ou de soins peut repr\u00e9senter une charge financi\u00e8re importante.<\/li>\n<\/ul>\n<p>Comprendre ces <strong>risques li\u00e9s \u00e0 la perte d&rsquo;autonomie<\/strong> permet d&rsquo;anticiper et de mettre en place des solutions pour pr\u00e9server au maximum la qualit\u00e9 de vie des personnes concern\u00e9es.<\/p>\n          <\/div>\n        <\/div>\n      <\/div>\n          <\/div>\n<\/section>\n\n\n\n<section id=\"block_a9f2a65ac21db52233a0b29ff6a64f1d\" class=\"block-text block-ba position-relative overflow-hidden mt-5 mb-0\">\n  <div class=\"container \">\n          <div class=\"row\">\n        <div class=\"col-12\">\n                  <h2 class=\"title\">Quelles solutions face \u00e0 la perte d&rsquo;autonomie ?<\/h2>\n            <\/div>\n      <\/div>\n              <div class=\"row\">\n        <div class=\"col-12\">\n          <div class=\"content nerf-last-p\">\n            <p>Face \u00e0 la perte d&rsquo;autonomie, il existe des solutions concr\u00e8tes pour am\u00e9liorer la qualit\u00e9 de vie des personnes concern\u00e9es et soulager les aidants. Que ce soit pour \u00e9quiper le domicile, faciliter les d\u00e9placements ou garantir une meilleure s\u00e9curit\u00e9, chaque <strong>solution <\/strong>peut faire une r\u00e9elle diff\u00e9rence.<\/p>\n<p>L\u2019\u00e9quipement en mat\u00e9riel m\u00e9dical et accessoires adapt\u00e9s joue donc un r\u00f4le crucial pour maintenir l&rsquo;ind\u00e9pendance et la qualit\u00e9 de vie.<\/p>\n<p>Facon M\u00e9dical, sp\u00e9cialiste de l&rsquo;incontinence et du maintien \u00e0 domicile depuis plus de 30 ans, propose une gamme compl\u00e8te de produits pour r\u00e9pondre aux d\u00e9fis de la perte d&rsquo;autonomie. Notre expertise permet d&rsquo;offrir des solutions personnalis\u00e9e face \u00e0 la perte d&rsquo;autonomie, que ce soit pour l&rsquo;int\u00e9rieur ou l&rsquo;ext\u00e9rieur du domicile.<\/p>\n<p>Notre gamme comprend :<\/p>\n<ul>\n<li>Des aides \u00e0 la mobilit\u00e9 : fauteuils roulants, d\u00e9ambulateurs, cannes<\/li>\n<li>Des \u00e9quipements pour le confort quotidien : lits m\u00e9dicalis\u00e9s, fauteuils releveurs<\/li>\n<li>Des accessoires pour la salle de bain : barres d&rsquo;appui, rehausseurs de toilettes<\/li>\n<li>Du mat\u00e9riel m\u00e9dical sp\u00e9cialis\u00e9 : l\u00e8ve-personnes, verticalisateurs<\/li>\n<\/ul>\n          <\/div>\n        <\/div>\n      <\/div>\n          <\/div>\n<\/section>\n\n\n\n\n\n<section id=\"block_cb64ec6f0db3713d04fc2eff78d05b60\" class=\"block-text block-ba position-relative overflow-hidden mt-5 mb-0\">\n  <div class=\"container \">\n              <div class=\"row\">\n        <div class=\"col-12\">\n          <div class=\"content nerf-last-p\">\n            <p>Nous proposons aussi un service d\u2019adaptation du domicile qui intervient sur l\u2019am\u00e9nagement de salles de bains ou encore la pose de monte-escaliers. Pour en savoir plus, c\u2019est par ici\u00a0: <a href=\"https:\/\/facon-adapt.fr\/\">https:\/\/facon-adapt.fr\/<\/a><\/p>\n<p>Ces \u00e9quipements sont con\u00e7us pour favoriser l&rsquo;autonomie et assurer la s\u00e9curit\u00e9 des personnes \u00e2g\u00e9es ou en situation de handicap.<\/p>\n<p>Pour d\u00e9couvrir ces solutions et b\u00e9n\u00e9ficier de conseils personnalis\u00e9s, n&rsquo;h\u00e9sitez pas \u00e0 nous contacter ou \u00e0 venir nous rencontrer directement dans notre magasin de mat\u00e9riel m\u00e9dical \u00e0 Aulnoy-lez-Valenciennes.<\/p>\n<p>En faisant appel \u00e0 Facon M\u00e9dical, vous b\u00e9n\u00e9ficiez non seulement d&rsquo;une large gamme de produits de qualit\u00e9, mais aussi d&rsquo;un accompagnement professionnel pour optimiser votre confort et votre autonomie au quotidien.<\/p>\n          <\/div>\n        <\/div>\n      <\/div>\n          <\/div>\n<\/section>\n","protected":false},"excerpt":{"rendered":"Image provenant de l\u2019\u00e9tude de l\u2019INSEE","protected":false},"author":2,"featured_media":687,"comment_status":"closed","ping_status":"closed","sticky":false,"template":"","format":"standard","meta":{"footnotes":""},"categories":[5],"tags":[],"class_list":["post-675","post","type-post","status-publish","format-standard","has-post-thumbnail","hentry","category-aide-au-deplacement","col-12","col-md-6 col-lg-4"],"acf":[],"yoast_head":"<!-- This site is optimized with the Yoast SEO plugin v19.11 - https:\/\/yoast.com\/wordpress\/plugins\/seo\/ -->\n<title>Perte d&#039;autonomie | Causes, sympt\u00f4mes et cons\u00e9quences<\/title>\n<meta name=\"description\" content=\"D\u00e9couvrez tout ce que vous devez savoir sur la perte d&#039;autonomie ! Causes, sympt\u00f4mes et cons\u00e9quences : notre guide vous aide \u00e0 tout comprendre sur cette condition.\" \/>\n<meta name=\"robots\" content=\"index, follow, max-snippet:-1, max-image-preview:large, max-video-preview:-1\" \/>\n<link rel=\"canonical\" href=\"https:\/\/faconmedical.fr\/blog\/perte-d-autonomie\/\" \/>\n<meta property=\"og:locale\" content=\"fr_FR\" \/>\n<meta property=\"og:type\" content=\"article\" \/>\n<meta property=\"og:title\" content=\"Perte d&#039;autonomie | Causes, sympt\u00f4mes et cons\u00e9quences\" \/>\n<meta property=\"og:description\" content=\"D\u00e9couvrez tout ce que vous devez savoir sur la perte d&#039;autonomie ! Causes, sympt\u00f4mes et cons\u00e9quences : notre guide vous aide \u00e0 tout comprendre sur cette condition.\" \/>\n<meta property=\"og:url\" content=\"https:\/\/faconmedical.fr\/blog\/perte-d-autonomie\/\" \/>\n<meta property=\"og:site_name\" content=\"Facon M\u00e9dical Blog\" \/>\n<meta property=\"article:published_time\" content=\"2025-01-06T13:37:54+00:00\" \/>\n<meta property=\"article:modified_time\" content=\"2025-08-13T14:57:55+00:00\" \/>\n<meta property=\"og:image\" content=\"https:\/\/faconmedical.fr\/blog\/wp-content\/uploads\/2025\/01\/perte-dautonomie.jpg\" \/>\n\t<meta property=\"og:image:width\" content=\"900\" \/>\n\t<meta property=\"og:image:height\" content=\"600\" \/>\n\t<meta property=\"og:image:type\" content=\"image\/jpeg\" \/>\n<meta name=\"author\" content=\"faconadministration\" \/>\n<meta name=\"twitter:card\" content=\"summary_large_image\" \/>\n<script type=\"application\/ld+json\" class=\"yoast-schema-graph\">{\"@context\":\"https:\/\/schema.org\",\"@graph\":[{\"@type\":\"WebPage\",\"@id\":\"https:\/\/faconmedical.fr\/blog\/perte-d-autonomie\/\",\"url\":\"https:\/\/faconmedical.fr\/blog\/perte-d-autonomie\/\",\"name\":\"Perte d'autonomie | Causes, sympt\u00f4mes et cons\u00e9quences\",\"isPartOf\":{\"@id\":\"https:\/\/faconmedical.fr\/blog\/#website\"},\"datePublished\":\"2025-01-06T13:37:54+00:00\",\"dateModified\":\"2025-08-13T14:57:55+00:00\",\"author\":{\"@id\":\"https:\/\/faconmedical.fr\/blog\/#\/schema\/person\/e8240b312c98e081bd7bf0249403f019\"},\"description\":\"D\u00e9couvrez tout ce que vous devez savoir sur la perte d'autonomie ! Causes, sympt\u00f4mes et cons\u00e9quences : notre guide vous aide \u00e0 tout comprendre sur cette condition.\",\"breadcrumb\":{\"@id\":\"https:\/\/faconmedical.fr\/blog\/perte-d-autonomie\/#breadcrumb\"},\"inLanguage\":\"fr-FR\",\"potentialAction\":[{\"@type\":\"ReadAction\",\"target\":[\"https:\/\/faconmedical.fr\/blog\/perte-d-autonomie\/\"]}]},{\"@type\":\"BreadcrumbList\",\"@id\":\"https:\/\/faconmedical.fr\/blog\/perte-d-autonomie\/#breadcrumb\",\"itemListElement\":[{\"@type\":\"ListItem\",\"position\":1,\"name\":\"Accueil\",\"item\":\"https:\/\/faconmedical.fr\/blog\/\"},{\"@type\":\"ListItem\",\"position\":2,\"name\":\"Qu\u2019est-ce que la perte d\u2019autonomie ?\"}]},{\"@type\":\"WebSite\",\"@id\":\"https:\/\/faconmedical.fr\/blog\/#website\",\"url\":\"https:\/\/faconmedical.fr\/blog\/\",\"name\":\"Facon M\u00e9dical Blog\",\"description\":\"Sp\u00e9cialiste de l&#039;incontinence\",\"potentialAction\":[{\"@type\":\"SearchAction\",\"target\":{\"@type\":\"EntryPoint\",\"urlTemplate\":\"https:\/\/faconmedical.fr\/blog\/?s={search_term_string}\"},\"query-input\":\"required name=search_term_string\"}],\"inLanguage\":\"fr-FR\"},{\"@type\":\"Person\",\"@id\":\"https:\/\/faconmedical.fr\/blog\/#\/schema\/person\/e8240b312c98e081bd7bf0249403f019\",\"name\":\"faconadministration\",\"image\":{\"@type\":\"ImageObject\",\"inLanguage\":\"fr-FR\",\"@id\":\"https:\/\/faconmedical.fr\/blog\/#\/schema\/person\/image\/\",\"url\":\"https:\/\/secure.gravatar.com\/avatar\/f8a8a7882228708d1bbf8428ebc2cd48e58fc55ac046b2bf57007f0f904d5eae?s=96&d=mm&r=g\",\"contentUrl\":\"https:\/\/secure.gravatar.com\/avatar\/f8a8a7882228708d1bbf8428ebc2cd48e58fc55ac046b2bf57007f0f904d5eae?s=96&d=mm&r=g\",\"caption\":\"faconadministration\"}}]}<\/script>\n<!-- \/ Yoast SEO plugin. -->","yoast_head_json":{"title":"Perte d'autonomie | Causes, sympt\u00f4mes et cons\u00e9quences","description":"D\u00e9couvrez tout ce que vous devez savoir sur la perte d'autonomie ! Causes, sympt\u00f4mes et cons\u00e9quences : notre guide vous aide \u00e0 tout comprendre sur cette condition.","robots":{"index":"index","follow":"follow","max-snippet":"max-snippet:-1","max-image-preview":"max-image-preview:large","max-video-preview":"max-video-preview:-1"},"canonical":"https:\/\/faconmedical.fr\/blog\/perte-d-autonomie\/","og_locale":"fr_FR","og_type":"article","og_title":"Perte d'autonomie | Causes, sympt\u00f4mes et cons\u00e9quences","og_description":"D\u00e9couvrez tout ce que vous devez savoir sur la perte d'autonomie ! Causes, sympt\u00f4mes et cons\u00e9quences : notre guide vous aide \u00e0 tout comprendre sur cette condition.","og_url":"https:\/\/faconmedical.fr\/blog\/perte-d-autonomie\/","og_site_name":"Facon M\u00e9dical Blog","article_published_time":"2025-01-06T13:37:54+00:00","article_modified_time":"2025-08-13T14:57:55+00:00","og_image":[{"width":900,"height":600,"url":"https:\/\/faconmedical.fr\/blog\/wp-content\/uploads\/2025\/01\/perte-dautonomie.jpg","type":"image\/jpeg"}],"author":"faconadministration","twitter_card":"summary_large_image","schema":{"@context":"https:\/\/schema.org","@graph":[{"@type":"WebPage","@id":"https:\/\/faconmedical.fr\/blog\/perte-d-autonomie\/","url":"https:\/\/faconmedical.fr\/blog\/perte-d-autonomie\/","name":"Perte d'autonomie | Causes, sympt\u00f4mes et cons\u00e9quences","isPartOf":{"@id":"https:\/\/faconmedical.fr\/blog\/#website"},"datePublished":"2025-01-06T13:37:54+00:00","dateModified":"2025-08-13T14:57:55+00:00","author":{"@id":"https:\/\/faconmedical.fr\/blog\/#\/schema\/person\/e8240b312c98e081bd7bf0249403f019"},"description":"D\u00e9couvrez tout ce que vous devez savoir sur la perte d'autonomie ! Causes, sympt\u00f4mes et cons\u00e9quences : notre guide vous aide \u00e0 tout comprendre sur cette condition.","breadcrumb":{"@id":"https:\/\/faconmedical.fr\/blog\/perte-d-autonomie\/#breadcrumb"},"inLanguage":"fr-FR","potentialAction":[{"@type":"ReadAction","target":["https:\/\/faconmedical.fr\/blog\/perte-d-autonomie\/"]}]},{"@type":"BreadcrumbList","@id":"https:\/\/faconmedical.fr\/blog\/perte-d-autonomie\/#breadcrumb","itemListElement":[{"@type":"ListItem","position":1,"name":"Accueil","item":"https:\/\/faconmedical.fr\/blog\/"},{"@type":"ListItem","position":2,"name":"Qu\u2019est-ce que la perte d\u2019autonomie ?"}]},{"@type":"WebSite","@id":"https:\/\/faconmedical.fr\/blog\/#website","url":"https:\/\/faconmedical.fr\/blog\/","name":"Facon M\u00e9dical Blog","description":"Sp\u00e9cialiste de l&#039;incontinence","potentialAction":[{"@type":"SearchAction","target":{"@type":"EntryPoint","urlTemplate":"https:\/\/faconmedical.fr\/blog\/?s={search_term_string}"},"query-input":"required name=search_term_string"}],"inLanguage":"fr-FR"},{"@type":"Person","@id":"https:\/\/faconmedical.fr\/blog\/#\/schema\/person\/e8240b312c98e081bd7bf0249403f019","name":"faconadministration","image":{"@type":"ImageObject","inLanguage":"fr-FR","@id":"https:\/\/faconmedical.fr\/blog\/#\/schema\/person\/image\/","url":"https:\/\/secure.gravatar.com\/avatar\/f8a8a7882228708d1bbf8428ebc2cd48e58fc55ac046b2bf57007f0f904d5eae?s=96&d=mm&r=g","contentUrl":"https:\/\/secure.gravatar.com\/avatar\/f8a8a7882228708d1bbf8428ebc2cd48e58fc55ac046b2bf57007f0f904d5eae?s=96&d=mm&r=g","caption":"faconadministration"}}]}},"thumb":"https:\/\/faconmedical.fr\/blog\/wp-content\/uploads\/2025\/01\/perte-dautonomie-350x250.jpg","category":"Aide au d\u00e9placement","_links":{"self":[{"href":"https:\/\/faconmedical.fr\/blog\/wp-json\/wp\/v2\/posts\/675","targetHints":{"allow":["GET"]}}],"collection":[{"href":"https:\/\/faconmedical.fr\/blog\/wp-json\/wp\/v2\/posts"}],"about":[{"href":"https:\/\/faconmedical.fr\/blog\/wp-json\/wp\/v2\/types\/post"}],"author":[{"embeddable":true,"href":"https:\/\/faconmedical.fr\/blog\/wp-json\/wp\/v2\/users\/2"}],"replies":[{"embeddable":true,"href":"https:\/\/faconmedical.fr\/blog\/wp-json\/wp\/v2\/comments?post=675"}],"version-history":[{"count":16,"href":"https:\/\/faconmedical.fr\/blog\/wp-json\/wp\/v2\/posts\/675\/revisions"}],"predecessor-version":[{"id":722,"href":"https:\/\/faconmedical.fr\/blog\/wp-json\/wp\/v2\/posts\/675\/revisions\/722"}],"wp:featuredmedia":[{"embeddable":true,"href":"https:\/\/faconmedical.fr\/blog\/wp-json\/wp\/v2\/media\/687"}],"wp:attachment":[{"href":"https:\/\/faconmedical.fr\/blog\/wp-json\/wp\/v2\/media?parent=675"}],"wp:term":[{"taxonomy":"category","embeddable":true,"href":"https:\/\/faconmedical.fr\/blog\/wp-json\/wp\/v2\/categories?post=675"},{"taxonomy":"post_tag","embeddable":true,"href":"https:\/\/faconmedical.fr\/blog\/wp-json\/wp\/v2\/tags?post=675"}],"curies":[{"name":"wp","href":"https:\/\/api.w.org\/{rel}","templated":true}]}}