{"id":659,"date":"2025-01-06T14:13:53","date_gmt":"2025-01-06T13:13:53","guid":{"rendered":"https:\/\/faconmedical.fr\/blog\/?p=659"},"modified":"2025-08-13T16:58:10","modified_gmt":"2025-08-13T14:58:10","slug":"equipement-pour-personne-en-perte-d-autonomie","status":"publish","type":"post","link":"https:\/\/faconmedical.fr\/blog\/equipement-pour-personne-en-perte-d-autonomie\/","title":{"rendered":"Quel \u00e9quipement choisir pour une personne en perte d\u2019autonomie ?"},"content":{"rendered":"\n<section id=\"block_e9b8ecc9bc0e890f6ea272f69442cf98\" class=\"block-text block-ba position-relative overflow-hidden mt-5 mb-0\">\n  <div class=\"container \">\n              <div class=\"row\">\n        <div class=\"col-12\">\n          <div class=\"content nerf-last-p\">\n            <p>La <strong>perte d&rsquo;autonomie<\/strong> peut survivre \u00e0 tout \u00e2ge et pour diverses raisons : vieillissement, maladie, ou accident. Elle se traduit par une difficult\u00e9 \u00e0 accomplir seul des actes de la vie quotidienne, tels que se d\u00e9placer, se laver ou s&rsquo;habiller. Dans ces moments, choisir le bon <strong>\u00e9quipement pour une personne en perte d&rsquo;autonomie<\/strong> devient crucial pour pr\u00e9server le confort et la s\u00e9curit\u00e9 de la personne concern\u00e9e.<\/p>\n<p>Des solutions adapt\u00e9es, comme des fauteuils roulants, des d\u00e9ambulateurs ou des monte-escaliers, peuvent transformer leur quotidien et favoriser leur ind\u00e9pendance. Pour d\u00e9couvrir nos \u00e9quipements et b\u00e9n\u00e9ficier de conseils personnalis\u00e9s, rendez-vous dans notre <a href=\"\/aide-au-deplacement-c287\">magasin d\u00e9di\u00e9 au handicap<\/a>.<\/p>\n          <\/div>\n        <\/div>\n      <\/div>\n          <\/div>\n<\/section>\n\n\n<section class=\"block-ba block-duo mt-5 mb-0 boxed pt-0 pb-0\">\n  <div class=\"container\">\n    <div class=\"row\">\n              <div class=\"col-12 col-lg-6 col-img px-0 pl-lg-0 pr-lg-2\">\n          <div class=\"picture-wrapper h-100 w-100\">\n            <img decoding=\"async\" class=\"pic bcover h-100 w-100\" src=\"https:\/\/faconmedical.fr\/blog\/wp-content\/uploads\/2025\/01\/materiel-aide-vie-quotidienne-768x1024.jpg\">\n          <\/div>\n        <\/div>\n            <div class=\"col-12 col-lg-6 col-content d-flex my-auto px-0 pl-lg-4\">\n        <div class=\"d-flex flex-column inner-content\">\n                    <h2 class=\"title\">3 r\u00e9flexes avant d&rsquo;acheter du mat\u00e9riel d&rsquo;aide \u00e0 la vie quotidienne<\/h2>\n                          <div class=\"content nerf-last-p\">\n              <p>Avant de se pr\u00e9cipiter dans l&rsquo;achat de <strong>mat\u00e9riel d&rsquo;aide \u00e0 la vie quotidienne<\/strong>, il est essentiel de prendre le temps de bien r\u00e9fl\u00e9chir aux besoins de la personne en perte d&rsquo;autonomie. Le choix du mat\u00e9riel doit \u00eatre fait avec soin pour assurer le confort, la s\u00e9curit\u00e9 et l&rsquo;efficacit\u00e9 des solutions. Voici trois r\u00e9flexes importants \u00e0 adopter avant toute d\u00e9cision d&rsquo;achat.<\/p>\n<h3>D\u00e9finir les besoins sp\u00e9cifiques de la personne en perte d&rsquo;autonomie<\/h3>\n<p>Avant d&rsquo;acheter un <strong>\u00e9quipement pour personne en perte d\u2019autonomie<\/strong>, il est crucial de bien comprendre les besoins sp\u00e9cifiques de la personne concern\u00e9e. Quelles difficult\u00e9s rencontrent-elles au quotidien ? Est-ce principalement des probl\u00e8mes de mobilit\u00e9, d&rsquo;hygi\u00e8ne, ou de gestion des repas ? Chaque situation \u00e9tant unique, il est n\u00e9cessaire de s\u00e9lectionner des \u00e9quipements adapt\u00e9s \u00e0 son environnement et \u00e0 ses capacit\u00e9s.<\/p>\n            <\/div>\n                            <\/div>\n      <\/div>\n    <\/div>\n  <\/div>\n<\/section>\n\n\n\n<section id=\"block_837442f6ddf35d5905ea5a02abad0f53\" class=\"block-text block-ba position-relative overflow-hidden mt-5 mb-0\">\n  <div class=\"container \">\n              <div class=\"row\">\n        <div class=\"col-12\">\n          <div class=\"content nerf-last-p\">\n            <h3>D\u00e9finir le niveau de d\u00e9pendance de la personne en perte d&rsquo;autonomie<\/h3>\n<p>Le niveau de d\u00e9pendance de la personne influence directement le choix du mat\u00e9riel d\u2019aide \u00e0 la vie quotidienne. Il existe diff\u00e9rents degr\u00e9s de d\u00e9pendance, et chaque niveau n\u00e9cessite des solutions adapt\u00e9es. Par exemple, une personne partiellement d\u00e9pendante peut b\u00e9n\u00e9ficier d&rsquo;un d\u00e9ambulateur, tandis qu&rsquo;une personne totalement d\u00e9pendante aura peut-\u00eatre besoin d&rsquo;un fauteuil roulant ou d&rsquo;une plateforme \u00e9l\u00e9vatrice. Identifier pr\u00e9cis\u00e9ment ce niveau vous aidera \u00e0 opter pour l\u2019aide technique ou l&rsquo;\u00e9quipement le plus appropri\u00e9.<\/p>\n<h3>Consulter un ergoth\u00e9rapeute ou un professionnel de sant\u00e9<\/h3>\n<p>Il est vivement recommand\u00e9 de consulter un ergoth\u00e9rapeute ou un autre professionnel de sant\u00e9 avant de faire l&rsquo;acquisition de tout <strong>mat\u00e9riel ergonomique pour personnes \u00e2g\u00e9es ou pour tout appareil pour personne en perte d\u2019autonomie<\/strong>. Ces sp\u00e9cialistes sont form\u00e9s pour \u00e9valuer les besoins d&rsquo;une personne \u00e2g\u00e9e ou handicap\u00e9e et peuvent recommander des solutions personnalis\u00e9es.<\/p>\n<p>Un avis professionnel permet de faire un choix \u00e9clair\u00e9, optimisant ainsi l&rsquo;efficacit\u00e9 et la s\u00e9curit\u00e9 de l&rsquo;\u00e9quipement pour la personne en perte d\u2019autonomie.<\/p>\n          <\/div>\n        <\/div>\n      <\/div>\n          <\/div>\n<\/section>\n\n\n<section class=\"block-ba block-duo alt mt-5 mb-0 boxed pt-0 pb-0\">\n  <div class=\"container\">\n    <div class=\"row\">\n              <div class=\"col-12 col-lg-6 col-img px-0 pl-lg-0 pr-lg-2\">\n          <div class=\"picture-wrapper h-100 w-100\">\n            <img decoding=\"async\" class=\"pic bcover h-100 w-100\" src=\"https:\/\/faconmedical.fr\/blog\/wp-content\/uploads\/2025\/01\/materiel-pour-personne-a-mobilite-reduite-768x1024.jpg\">\n          <\/div>\n        <\/div>\n            <div class=\"col-12 col-lg-6 col-content d-flex my-auto px-0 pr-lg-4\" style=\"order:-1;\">\n        <div class=\"d-flex flex-column inner-content\">\n                    <h2 class=\"title\">Quel \u00e9quipement choisir pour une personne \u00e2g\u00e9e ?<\/h2>\n                          <div class=\"content nerf-last-p\">\n              <p>Le choix d&rsquo;<strong>\u00e9quipement pour personne \u00e2g\u00e9e<\/strong>\u00a0doit r\u00e9pondre aux principaux besoins d&rsquo;une personne en perte d&rsquo;autonomie. Ces besoins incluent g\u00e9n\u00e9ralement :<\/p>\n<ol>\n<li>L&rsquo;aide \u00e0 la mobilit\u00e9 pour se d\u00e9placer en s\u00e9curit\u00e9<\/li>\n<li>Le confort et le bien-\u00eatre au quotidien<\/li>\n<li>L&rsquo;assistance pour l&rsquo;hygi\u00e8ne personnelle<\/li>\n<li>Le soutien pour les activit\u00e9s quotidiennes comme manger ou s&rsquo;habiller<\/li>\n<li>La s\u00e9curit\u00e9 dans toutes les pi\u00e8ces du domicile<\/li>\n<\/ol>\n<p>&nbsp;<\/p>\n<p>Pour r\u00e9pondre \u00e0 ces besoins, il existe une large gamme d&rsquo;\u00e9quipements adapt\u00e9s qui peuvent grandement am\u00e9liorer la qualit\u00e9 de vie des seniors, de la gestion de l\u2019incontinence, \u00e0 l\u2019aide au quotidien.<\/p>\n            <\/div>\n                            <\/div>\n      <\/div>\n    <\/div>\n  <\/div>\n<\/section>\n\n\n\n<section id=\"block_7ba12c33cb1a56a884712a0a4b39c659\" class=\"block-text block-ba position-relative overflow-hidden mt-5 mb-0\">\n  <div class=\"container \">\n              <div class=\"row\">\n        <div class=\"col-12\">\n          <div class=\"content nerf-last-p\">\n            <h3>Le mat\u00e9riel ergonomique pratique pour les personnes \u00e2g\u00e9es<\/h3>\n<p>Le\u00a0<strong>mat\u00e9riel ergonomique pour personnes \u00e2g\u00e9es<\/strong>\u00a0est con\u00e7u pour faciliter les gestes du quotidien et r\u00e9duire les risques de blessures. Chez Facon M\u00e9dical, vous trouverez des produits essentiels tels que :<\/p>\n<ul>\n<li>Des couverts ergonomiques avec manches antid\u00e9rapants pour faciliter les repas<\/li>\n<li>Des verres \u00e0 d\u00e9coupe nasale ou \u00e0 bec verseur pour boire plus ais\u00e9ment<\/li>\n<li>Des barres d&rsquo;appui pour s\u00e9curiser les d\u00e9placements dans la salle de bain<\/li>\n<li>Des rehausseurs de toilettes pour un plus grand confort<\/li>\n<li>Des oreillers et coussins ergonomiques pour am\u00e9liorer le sommeil et le repos<\/li>\n<\/ul>\n<p>Ces \u00e9quipements sont con\u00e7us pour s&rsquo;adapter aux besoins sp\u00e9cifiques des seniors et leur permettre de conserver une certaine ind\u00e9pendance.<\/p>\n<h3>Le mat\u00e9riel m\u00e9dical indispensable pour des personnes \u00e2g\u00e9es d\u00e9pendantes<\/h3>\n<p>Pour les personnes \u00e2g\u00e9es n\u00e9cessitant une assistance plus importante, le\u00a0<strong>mat\u00e9riel m\u00e9dical pour personnes \u00e2g\u00e9es<\/strong>\u00a0devient indispensable. Facon M\u00e9dical propose une s\u00e9lection de produits essentiels :<\/p>\n<ul>\n<li>Des d\u00e9ambulateurs ou des cannes pour une aide \u00e0 la marche s\u00e9curis\u00e9e<\/li>\n<li>Des fauteuils roulants manuels ou \u00e9lectriques pour les d\u00e9placements plus longs<\/li>\n<li>Des lits m\u00e9dicalis\u00e9s \u00e9lectriques pour un meilleur confort et une facilit\u00e9 de soins<\/li>\n<li>Des l\u00e8ve-personnes pour aider aux transferts et r\u00e9duire les risques de chutes<\/li>\n<li>Des tables de lit ajustables pour faciliter les repas et les activit\u00e9s en position allong\u00e9e<\/li>\n<li>Des couches adultes et protections pour g\u00e9rer l\u2019incontinence<\/li>\n<\/ul>\n<p>Ces \u00e9quipements m\u00e9dicaux sont con\u00e7us pour apporter un soutien optimal aux personnes \u00e2g\u00e9es d\u00e9pendantes, tout en facilitant le travail des aidants et du personnel soignant. En choisissant le bon \u00e9quipement chez Facon M\u00e9dical, vous pouvez consid\u00e9rablement am\u00e9liorer le confort et la s\u00e9curit\u00e9 d&rsquo;une personne \u00e2g\u00e9e, que ce soit pour un maintien \u00e0 domicile ou dans un \u00e9tablissement sp\u00e9cialis\u00e9.<\/p>\n          <\/div>\n        <\/div>\n      <\/div>\n          <\/div>\n<\/section>\n\n\n\n<section id=\"block_14a335988bb6e55875473653fc6557eb\" class=\"block-text block-ba position-relative overflow-hidden mt-5 mb-0\">\n  <div class=\"container \">\n          <div class=\"row\">\n        <div class=\"col-12\">\n                  <h2 class=\"title\">Quel \u00e9quipement choisir pour une personne \u00e0 mobilit\u00e9 r\u00e9duite ?<\/h2>\n            <\/div>\n      <\/div>\n              <div class=\"row\">\n        <div class=\"col-12\">\n          <div class=\"content nerf-last-p\">\n            <p>Les personnes \u00e0 mobilit\u00e9 r\u00e9duite rencontrent des difficult\u00e9s quotidiennes pour se d\u00e9placer, s&rsquo;habiller, ou r\u00e9aliser des t\u00e2ches de la vie courante. Leurs besoins sp\u00e9cifiques n\u00e9cessitent des \u00e9quipements adapt\u00e9s pour garantir leur s\u00e9curit\u00e9, leur autonomie et leur confort. Il est donc primordial de bien choisir le mat\u00e9riel en fonction des contraintes personnelles, de l&rsquo;environnement et du type de handicap. Le bon <strong>\u00e9quipement pour une personne \u00e0 mobilit\u00e9 r\u00e9duite<\/strong> peut consid\u00e9rablement am\u00e9liorer la qualit\u00e9 de vie en apportant des solutions pratiques et efficaces.<\/p>\n<h3>Quel mat\u00e9riel choisir pour une personne \u00e0 mobilit\u00e9 r\u00e9duite ?<\/h3>\n<p>Lorsqu&rsquo;il s&rsquo;agit de choisir un <strong>mat\u00e9riel pour personne \u00e0 mobilit\u00e9 r\u00e9duite<\/strong>, il est essentiel de tenir compte des sp\u00e9cificit\u00e9s li\u00e9es \u00e0 la mobilit\u00e9 de la personne. Pour faciliter les d\u00e9placements, des \u00e9quipements comme les fauteuils roulants, les scooters \u00e9lectriques ou les d\u00e9ambulateurs sont souvent n\u00e9cessaires. En fonction du degr\u00e9 de d\u00e9pendance, des aides sp\u00e9cifiques comme des rampes d&rsquo;acc\u00e8s, des si\u00e8ges de douche ou des l\u00e8ve-personnes peuvent aussi s&rsquo;av\u00e9rer utiles. Il est important de choisir des produits offrant confort et s\u00e9curit\u00e9 tout en \u00e9tant adapt\u00e9s \u00e0 l&rsquo;usage quotidien.<\/p>\n<h3>Quel \u00e9quipement choisir pour la maison d&rsquo;une personne handicap\u00e9e ?<\/h3>\n<p>Pour am\u00e9nager la maison d&rsquo;une personne handicap\u00e9e, il existe une multitude de solutions pratiques. Chez Facon M\u00e9dical, vous trouverez des <strong>\u00e9quipements pour adapter la maison d\u2019un handicap\u00e9<\/strong> qui r\u00e9pondent aux besoins d&rsquo;autonomie et de s\u00e9curit\u00e9. Par exemple, des rampes d&rsquo;acc\u00e8s, des fauteuils roulants adapt\u00e9s \u00e0 l&rsquo;int\u00e9rieur, des barres de maintien dans les sanitaires, des lits m\u00e9dicalis\u00e9s ou encore un service d\u2019installation de monte-escaliers. Chaque produit peut \u00eatre personnalis\u00e9 pour s&rsquo;adapter \u00e0 l&rsquo;espace et aux capacit\u00e9s de la personne, am\u00e9liorant ainsi son confort et sa s\u00e9curit\u00e9 \u00e0 domicile.<\/p>\n<h2>Quelle aide technique, mat\u00e9riel ou \u00e9quipement pour jeune personne ?<\/h2>\n<p>Les jeunes personnes en perte d&rsquo;autonomie, qu&rsquo;elles soient victimes d&rsquo;un accident, de maladies chroniques ou d&rsquo;une d\u00e9ficience, ont des besoins sp\u00e9cifiques en mati\u00e8re d&rsquo;aide technique. L&rsquo;objectif est de leur permettre de gagner en ind\u00e9pendance et de vivre dans les meilleures conditions possibles. Il est donc essentiel de bien choisir le mat\u00e9riel <strong>d\u2019aide technique ou \u00e9quipement<\/strong> pour r\u00e9pondre \u00e0 leurs besoins et garantir leur confort et leur s\u00e9curit\u00e9 au quotidien. Ces solutions doivent \u00eatre adapt\u00e9es \u00e0 la fois \u00e0 leur \u00e2ge et \u00e0 leur situation personnelle.<\/p>\n<h3>Quels appareils choisir pour une personne en perte d&rsquo;autonomie ?<\/h3>\n<p>Lorsqu&rsquo;une personne jeune est confront\u00e9e \u00e0 la perte d&rsquo;autonomie, il est essentiel de lui fournir des <strong>appareils pour personne en perte d&rsquo;autonomie<\/strong> qui lui permettent de maintenir une vie aussi active et ind\u00e9pendante que possible. Parmi les produits disponibles chez Facon M\u00e9dical, on retrouve des fauteuils roulants adapt\u00e9s, des scooters \u00e9lectriques, des lits m\u00e9dicalis\u00e9s, des tricycles,\u2026. Ces appareils sont con\u00e7us pour offrir un confort optimal tout en facilitant le quotidien de la personne, en lui permettant de se d\u00e9placer et de maintenir ses activit\u00e9s dans la mesure du possible.<\/p>\n<h3>Quels accessoires choisir pour des personnes en perte d&rsquo;autonomie ?<\/h3>\n<p>Outre les appareils m\u00e9dicaux, il existe de nombreux <strong>accessoires pour personnes en perte d&rsquo;autonomie<\/strong> qui apportent des solutions pratiques pour am\u00e9liorer la vie quotidienne. Chez Facon M\u00e9dical, vous trouverez des accessoires comme des barres de soutien, des aides \u00e0 l&rsquo;alimentation, ou encore des dispositifs de s\u00e9curit\u00e9 pour la salle de bain. Ces \u00e9quipements permettent \u00e0 la personne de se d\u00e9placer plus facilement, d&rsquo;effectuer ses gestes quotidiens avec plus d&rsquo;autonomie et d&rsquo;assurer une s\u00e9curit\u00e9 optimale \u00e0 domicile.<\/p>\n          <\/div>\n        <\/div>\n      <\/div>\n          <\/div>\n<\/section>\n\n\n\n\n\n<section id=\"block_aa24325f9e8015a3967903239ed0696e\" class=\"block-text block-ba position-relative overflow-hidden mt-5 mb-0\">\n  <div class=\"container \">\n          <div class=\"row\">\n        <div class=\"col-12\">\n                  <h2 class=\"title\">O\u00f9 acheter mon \u00e9quipement pour personne en perte d&rsquo;autonomie ?<\/h2>\n            <\/div>\n      <\/div>\n              <div class=\"row\">\n        <div class=\"col-12\">\n          <div class=\"content nerf-last-p\">\n            <p>Pour trouver l&rsquo;\u00e9quipement pour personne en perte d&rsquo;autonomie adapt\u00e9 \u00e0 vos besoins, Facon M\u00e9dical est une r\u00e9f\u00e9rence incontournable. Sp\u00e9cialiste de l&rsquo;incontinence et du maintien \u00e0 domicile depuis plus de 30 ans, nous proposons une large gamme de produits et de solutions pour am\u00e9liorer le confort et l&rsquo;autonomie des personnes \u00e2g\u00e9es ou en situation de handicap.<\/p>\n<p>En tant que grossiste d\u00e9taillant, nous n\u00e9gocions les meilleurs tarifs pour vous offrir un excellent rapport qualit\u00e9\/prix sans oublier un service personnalis\u00e9. Vendre en ligne tout en restant disponibles et \u00e0 l\u2019\u00e9coute, c\u2019est \u00e7a qui fait notre diff\u00e9rence.<\/p>\n<p>Nos \u00e9quipes sont form\u00e9es en continu pour vous apporter des conseils adapt\u00e9s \u00e0 votre situation. N&rsquo;h\u00e9sitez pas \u00e0 nous contacter par t\u00e9l\u00e9phone au 03 27 30 97 15, par e-mail \u00e0 info@faconmedical.fr, ou vous rendre directement dans notre magasin situ\u00e9 \u00e0 Aulnoy-lez-Valenciennes.<\/p>\n          <\/div>\n        <\/div>\n      <\/div>\n          <\/div>\n<\/section>\n","protected":false},"excerpt":{"rendered":"","protected":false},"author":2,"featured_media":669,"comment_status":"closed","ping_status":"closed","sticky":false,"template":"","format":"standard","meta":{"footnotes":""},"categories":[5],"tags":[],"class_list":["post-659","post","type-post","status-publish","format-standard","has-post-thumbnail","hentry","category-aide-au-deplacement","col-12","col-md-6 col-lg-4"],"acf":[],"yoast_head":"<!-- This site is optimized with the Yoast SEO plugin v19.11 - https:\/\/yoast.com\/wordpress\/plugins\/seo\/ -->\n<title>\u00c9quipement pour personne en perte d&#039;autonomie : que choisir?<\/title>\n<meta name=\"description\" content=\"D\u00e9couvrez notre guide complet pour choisir le meilleur \u00e9quipement pour personnes en perte d&#039;autonomie : de l&#039;aide technique \u00e0 l&#039;\u00e9quipement m\u00e9dical pour la maison !\" \/>\n<meta name=\"robots\" content=\"index, follow, max-snippet:-1, max-image-preview:large, max-video-preview:-1\" \/>\n<link rel=\"canonical\" href=\"https:\/\/faconmedical.fr\/blog\/equipement-pour-personne-en-perte-d-autonomie\/\" \/>\n<meta property=\"og:locale\" content=\"fr_FR\" \/>\n<meta property=\"og:type\" content=\"article\" \/>\n<meta property=\"og:title\" content=\"\u00c9quipement pour personne en perte d&#039;autonomie : que choisir?\" \/>\n<meta property=\"og:description\" content=\"D\u00e9couvrez notre guide complet pour choisir le meilleur \u00e9quipement pour personnes en perte d&#039;autonomie : de l&#039;aide technique \u00e0 l&#039;\u00e9quipement m\u00e9dical pour la maison !\" \/>\n<meta property=\"og:url\" content=\"https:\/\/faconmedical.fr\/blog\/equipement-pour-personne-en-perte-d-autonomie\/\" \/>\n<meta property=\"og:site_name\" content=\"Facon M\u00e9dical Blog\" \/>\n<meta property=\"article:published_time\" content=\"2025-01-06T13:13:53+00:00\" \/>\n<meta property=\"article:modified_time\" content=\"2025-08-13T14:58:10+00:00\" \/>\n<meta property=\"og:image\" content=\"https:\/\/faconmedical.fr\/blog\/wp-content\/uploads\/2025\/01\/equipement-pour-personne-en-perte-dautonomie.jpg\" \/>\n\t<meta property=\"og:image:width\" content=\"900\" \/>\n\t<meta property=\"og:image:height\" content=\"600\" \/>\n\t<meta property=\"og:image:type\" content=\"image\/jpeg\" \/>\n<meta name=\"author\" content=\"faconadministration\" \/>\n<meta name=\"twitter:card\" content=\"summary_large_image\" \/>\n<script type=\"application\/ld+json\" class=\"yoast-schema-graph\">{\"@context\":\"https:\/\/schema.org\",\"@graph\":[{\"@type\":\"WebPage\",\"@id\":\"https:\/\/faconmedical.fr\/blog\/equipement-pour-personne-en-perte-d-autonomie\/\",\"url\":\"https:\/\/faconmedical.fr\/blog\/equipement-pour-personne-en-perte-d-autonomie\/\",\"name\":\"\u00c9quipement pour personne en perte d'autonomie : que choisir?\",\"isPartOf\":{\"@id\":\"https:\/\/faconmedical.fr\/blog\/#website\"},\"datePublished\":\"2025-01-06T13:13:53+00:00\",\"dateModified\":\"2025-08-13T14:58:10+00:00\",\"author\":{\"@id\":\"https:\/\/faconmedical.fr\/blog\/#\/schema\/person\/e8240b312c98e081bd7bf0249403f019\"},\"description\":\"D\u00e9couvrez notre guide complet pour choisir le meilleur \u00e9quipement pour personnes en perte d'autonomie : de l'aide technique \u00e0 l'\u00e9quipement m\u00e9dical pour la maison !\",\"breadcrumb\":{\"@id\":\"https:\/\/faconmedical.fr\/blog\/equipement-pour-personne-en-perte-d-autonomie\/#breadcrumb\"},\"inLanguage\":\"fr-FR\",\"potentialAction\":[{\"@type\":\"ReadAction\",\"target\":[\"https:\/\/faconmedical.fr\/blog\/equipement-pour-personne-en-perte-d-autonomie\/\"]}]},{\"@type\":\"BreadcrumbList\",\"@id\":\"https:\/\/faconmedical.fr\/blog\/equipement-pour-personne-en-perte-d-autonomie\/#breadcrumb\",\"itemListElement\":[{\"@type\":\"ListItem\",\"position\":1,\"name\":\"Accueil\",\"item\":\"https:\/\/faconmedical.fr\/blog\/\"},{\"@type\":\"ListItem\",\"position\":2,\"name\":\"Quel \u00e9quipement choisir pour une personne en perte d\u2019autonomie ?\"}]},{\"@type\":\"WebSite\",\"@id\":\"https:\/\/faconmedical.fr\/blog\/#website\",\"url\":\"https:\/\/faconmedical.fr\/blog\/\",\"name\":\"Facon M\u00e9dical Blog\",\"description\":\"Sp\u00e9cialiste de l&#039;incontinence\",\"potentialAction\":[{\"@type\":\"SearchAction\",\"target\":{\"@type\":\"EntryPoint\",\"urlTemplate\":\"https:\/\/faconmedical.fr\/blog\/?s={search_term_string}\"},\"query-input\":\"required name=search_term_string\"}],\"inLanguage\":\"fr-FR\"},{\"@type\":\"Person\",\"@id\":\"https:\/\/faconmedical.fr\/blog\/#\/schema\/person\/e8240b312c98e081bd7bf0249403f019\",\"name\":\"faconadministration\",\"image\":{\"@type\":\"ImageObject\",\"inLanguage\":\"fr-FR\",\"@id\":\"https:\/\/faconmedical.fr\/blog\/#\/schema\/person\/image\/\",\"url\":\"https:\/\/secure.gravatar.com\/avatar\/f8a8a7882228708d1bbf8428ebc2cd48e58fc55ac046b2bf57007f0f904d5eae?s=96&d=mm&r=g\",\"contentUrl\":\"https:\/\/secure.gravatar.com\/avatar\/f8a8a7882228708d1bbf8428ebc2cd48e58fc55ac046b2bf57007f0f904d5eae?s=96&d=mm&r=g\",\"caption\":\"faconadministration\"}}]}<\/script>\n<!-- \/ Yoast SEO plugin. -->","yoast_head_json":{"title":"\u00c9quipement pour personne en perte d'autonomie : que choisir?","description":"D\u00e9couvrez notre guide complet pour choisir le meilleur \u00e9quipement pour personnes en perte d'autonomie : de l'aide technique \u00e0 l'\u00e9quipement m\u00e9dical pour la maison !","robots":{"index":"index","follow":"follow","max-snippet":"max-snippet:-1","max-image-preview":"max-image-preview:large","max-video-preview":"max-video-preview:-1"},"canonical":"https:\/\/faconmedical.fr\/blog\/equipement-pour-personne-en-perte-d-autonomie\/","og_locale":"fr_FR","og_type":"article","og_title":"\u00c9quipement pour personne en perte d'autonomie : que choisir?","og_description":"D\u00e9couvrez notre guide complet pour choisir le meilleur \u00e9quipement pour personnes en perte d'autonomie : de l'aide technique \u00e0 l'\u00e9quipement m\u00e9dical pour la maison !","og_url":"https:\/\/faconmedical.fr\/blog\/equipement-pour-personne-en-perte-d-autonomie\/","og_site_name":"Facon M\u00e9dical Blog","article_published_time":"2025-01-06T13:13:53+00:00","article_modified_time":"2025-08-13T14:58:10+00:00","og_image":[{"width":900,"height":600,"url":"https:\/\/faconmedical.fr\/blog\/wp-content\/uploads\/2025\/01\/equipement-pour-personne-en-perte-dautonomie.jpg","type":"image\/jpeg"}],"author":"faconadministration","twitter_card":"summary_large_image","schema":{"@context":"https:\/\/schema.org","@graph":[{"@type":"WebPage","@id":"https:\/\/faconmedical.fr\/blog\/equipement-pour-personne-en-perte-d-autonomie\/","url":"https:\/\/faconmedical.fr\/blog\/equipement-pour-personne-en-perte-d-autonomie\/","name":"\u00c9quipement pour personne en perte d'autonomie : que choisir?","isPartOf":{"@id":"https:\/\/faconmedical.fr\/blog\/#website"},"datePublished":"2025-01-06T13:13:53+00:00","dateModified":"2025-08-13T14:58:10+00:00","author":{"@id":"https:\/\/faconmedical.fr\/blog\/#\/schema\/person\/e8240b312c98e081bd7bf0249403f019"},"description":"D\u00e9couvrez notre guide complet pour choisir le meilleur \u00e9quipement pour personnes en perte d'autonomie : de l'aide technique \u00e0 l'\u00e9quipement m\u00e9dical pour la maison !","breadcrumb":{"@id":"https:\/\/faconmedical.fr\/blog\/equipement-pour-personne-en-perte-d-autonomie\/#breadcrumb"},"inLanguage":"fr-FR","potentialAction":[{"@type":"ReadAction","target":["https:\/\/faconmedical.fr\/blog\/equipement-pour-personne-en-perte-d-autonomie\/"]}]},{"@type":"BreadcrumbList","@id":"https:\/\/faconmedical.fr\/blog\/equipement-pour-personne-en-perte-d-autonomie\/#breadcrumb","itemListElement":[{"@type":"ListItem","position":1,"name":"Accueil","item":"https:\/\/faconmedical.fr\/blog\/"},{"@type":"ListItem","position":2,"name":"Quel \u00e9quipement choisir pour une personne en perte d\u2019autonomie ?"}]},{"@type":"WebSite","@id":"https:\/\/faconmedical.fr\/blog\/#website","url":"https:\/\/faconmedical.fr\/blog\/","name":"Facon M\u00e9dical Blog","description":"Sp\u00e9cialiste de l&#039;incontinence","potentialAction":[{"@type":"SearchAction","target":{"@type":"EntryPoint","urlTemplate":"https:\/\/faconmedical.fr\/blog\/?s={search_term_string}"},"query-input":"required name=search_term_string"}],"inLanguage":"fr-FR"},{"@type":"Person","@id":"https:\/\/faconmedical.fr\/blog\/#\/schema\/person\/e8240b312c98e081bd7bf0249403f019","name":"faconadministration","image":{"@type":"ImageObject","inLanguage":"fr-FR","@id":"https:\/\/faconmedical.fr\/blog\/#\/schema\/person\/image\/","url":"https:\/\/secure.gravatar.com\/avatar\/f8a8a7882228708d1bbf8428ebc2cd48e58fc55ac046b2bf57007f0f904d5eae?s=96&d=mm&r=g","contentUrl":"https:\/\/secure.gravatar.com\/avatar\/f8a8a7882228708d1bbf8428ebc2cd48e58fc55ac046b2bf57007f0f904d5eae?s=96&d=mm&r=g","caption":"faconadministration"}}]}},"thumb":"https:\/\/faconmedical.fr\/blog\/wp-content\/uploads\/2025\/01\/equipement-pour-personne-en-perte-dautonomie-350x250.jpg","category":"Aide au d\u00e9placement","_links":{"self":[{"href":"https:\/\/faconmedical.fr\/blog\/wp-json\/wp\/v2\/posts\/659","targetHints":{"allow":["GET"]}}],"collection":[{"href":"https:\/\/faconmedical.fr\/blog\/wp-json\/wp\/v2\/posts"}],"about":[{"href":"https:\/\/faconmedical.fr\/blog\/wp-json\/wp\/v2\/types\/post"}],"author":[{"embeddable":true,"href":"https:\/\/faconmedical.fr\/blog\/wp-json\/wp\/v2\/users\/2"}],"replies":[{"embeddable":true,"href":"https:\/\/faconmedical.fr\/blog\/wp-json\/wp\/v2\/comments?post=659"}],"version-history":[{"count":14,"href":"https:\/\/faconmedical.fr\/blog\/wp-json\/wp\/v2\/posts\/659\/revisions"}],"predecessor-version":[{"id":723,"href":"https:\/\/faconmedical.fr\/blog\/wp-json\/wp\/v2\/posts\/659\/revisions\/723"}],"wp:featuredmedia":[{"embeddable":true,"href":"https:\/\/faconmedical.fr\/blog\/wp-json\/wp\/v2\/media\/669"}],"wp:attachment":[{"href":"https:\/\/faconmedical.fr\/blog\/wp-json\/wp\/v2\/media?parent=659"}],"wp:term":[{"taxonomy":"category","embeddable":true,"href":"https:\/\/faconmedical.fr\/blog\/wp-json\/wp\/v2\/categories?post=659"},{"taxonomy":"post_tag","embeddable":true,"href":"https:\/\/faconmedical.fr\/blog\/wp-json\/wp\/v2\/tags?post=659"}],"curies":[{"name":"wp","href":"https:\/\/api.w.org\/{rel}","templated":true}]}}